{"id":876,"__str__":"Requerimento n\u00ba 22 de 2019 | Aguardando a inclus\u00e3o na ordem do dia | 22/03/2019","link_detail_backend":"/materia/tramitacao/876","metadata":{},"timestamp":"2019-04-10T15:25:33.267702-03:00","data_tramitacao":"2019-03-22","data_encaminhamento":"2019-03-22","urgente":false,"turno":"","texto":"Proposi\u00e7\u00e3o apresentada pelo Vereador \u00e0 Secretaria","data_fim_prazo":null,"ip":"","ultima_edicao":null,"status":4,"materia":1255,"unidade_tramitacao_local":26,"unidade_tramitacao_destino":13,"user":null}