{"id":3518,"__str__":"Projeto de Lei Ordin\u00e1ria n\u00ba 8 de 2024","link_detail_backend":"/materia/3518","metadata":{"signs":{"texto_original":{"admin":[],"autores":[["Marcos Pedro Veber",["2024-03-15T16:23:36-03:00","ICP-Brasil"]]]}}},"numero":8,"ano":2024,"numero_protocolo":null,"data_apresentacao":"2024-03-15","tipo_apresentacao":"E","data_publicacao":null,"numero_origem_externa":"","ano_origem_externa":null,"data_origem_externa":null,"apelido":"Projeto de Lei","dias_prazo":null,"data_fim_prazo":null,"em_tramitacao":false,"polemica":false,"objeto":"Autoriza o Chefe do Poder Executivo Municipal a firmar conv\u00eanio com o Instituto Maria Schmitt de Desenvolvimento de Ensino, Assist\u00eancia Social e Sa\u00fade","complementar":false,"ementa":"Autoriza o Chefe do Poder Executivo Municipal a firmar conv\u00eanio com o Instituto Maria Schmitt de Desenvolvimento de Ensino, Assist\u00eancia Social e Sa\u00fade do Cidad\u00e3o \u2013 IMAS e d\u00e1 outras provid\u00eancias","indexacao":"O presente Projeto de Lei autoriza a celebra\u00e7\u00e3o de conv\u00eanio com a finalidade de repassar recursos financeiros por meio de transfer\u00eancia \u00fanica no valor de R$  61.196,98 (sessenta e um mil, cento e noventa e seis reais e noventa e oito centavos), provenientes do Minist\u00e9rio da Sa\u00fade, do Governo Federal, com base na Emenda Constitucional n.\u00b0 124, de 14 de julho de 2022 e Emenda Constitucional n.\u00b0 127, de 22 de dezembro de 2022, para o Instituto Maria Schmitt de Desenvolvimento de Ensino, Assist\u00eancia Social e Sa\u00fade do Cidad\u00e3o \u2013 IMAS, com o objetivo espec\u00edfico de pagamento do Piso Nacional da Enfermagem.","observacao":"","resultado":"","texto_original":"http://sapl.luizalves.sc.leg.br/media/sapl/public/materialegislativa/2024/3518/projeto_de_lei_-_convenio_imas_-_correto.pdf","data_ultima_atualizacao":"2024-04-08T15:13:54.160908-03:00","ip":"187.85.181.162","ultima_edicao":"2024-03-15T16:23:46.822702-03:00","tipo":6,"regime_tramitacao":1,"tipo_origem_externa":null,"local_origem_externa":null,"user":11,"anexadas":[],"autores":[14]}