{"id":287,"__str__":"Requerimento n\u00ba 36 de 2018","link_detail_backend":"/materia/287","metadata":{},"numero":36,"ano":2018,"numero_protocolo":null,"data_apresentacao":"2018-03-19","tipo_apresentacao":"E","data_publicacao":null,"numero_origem_externa":"","ano_origem_externa":null,"data_origem_externa":null,"apelido":"","dias_prazo":null,"data_fim_prazo":null,"em_tramitacao":true,"polemica":false,"objeto":"","complementar":false,"ementa":"Seja oficiado o Executivo para que determine o Coordenador da Defesa Civil, Senhor \u00c1lisson Pasquali para que compare\u00e7a \u00e0 C\u00e2mara de Vereadores, a fim de informar sobre o andamento da referida coordena\u00e7\u00e3o na Defesa Civil, quanto ao planejamento para o ano de 2018, quais os recursos dispon\u00edveis para manuten\u00e7\u00e3o de servi\u00e7os de preven\u00e7\u00e3o, quanto \u00e0 especializa\u00e7\u00e3o dos agentes da Defesa Civil local, quais os melhoramentos at\u00e9 o presente, quais as melhorias no alojamento dos agentes.","indexacao":"O Coordenador da Defesa Civil, Senhor \u00c1lisson Pasquali para que compare\u00e7a \u00e0 C\u00e2mara de Vereadores, a fim de informar sobre o andamento da referida coordena\u00e7\u00e3o na Defesa Civil, quanto ao planejamento para o ano de 2018, quais os recursos dispon\u00edveis para manuten\u00e7\u00e3o de servi\u00e7os de preven\u00e7\u00e3o, quanto \u00e0 especializa\u00e7\u00e3o dos agentes da Defesa Civil local, quais os melhoramentos at\u00e9 o presente, quais as melhorias no alojamento dos agentes.","observacao":"A presen\u00e7a do Coordenador se faz necess\u00e1ria para que ocorra a troca de informa\u00e7\u00f5es entre o Legislativo e a Defesa Civil do Munic\u00edpio.","resultado":"","texto_original":"http://sapl.luizalves.sc.leg.br/media/sapl/public/materialegislativa/2018/287/requerimento-n-36-18.pdf","data_ultima_atualizacao":"2018-03-19T11:02:58.802365-03:00","ip":"","ultima_edicao":null,"tipo":3,"regime_tramitacao":1,"tipo_origem_externa":null,"local_origem_externa":null,"user":null,"anexadas":[],"autores":[2]}