{"id":1211,"__str__":"Indica\u00e7\u00e3o n\u00ba 24 de 2019","link_detail_backend":"/materia/1211","metadata":{},"numero":24,"ano":2019,"numero_protocolo":null,"data_apresentacao":"2019-02-21","tipo_apresentacao":"E","data_publicacao":null,"numero_origem_externa":"","ano_origem_externa":null,"data_origem_externa":null,"apelido":"","dias_prazo":null,"data_fim_prazo":null,"em_tramitacao":false,"polemica":null,"objeto":"","complementar":null,"ementa":"Determinar \u00e0 Secretaria de Obras para que proceda a constru\u00e7\u00e3o de um bueiro pr\u00f3ximo \u00e0 Rua Prefeito Wyllibald Van Den Bylaardt, na entrada da Rua Bra\u00e7o Costa, no Serafim.","indexacao":"","observacao":"Justificativa: Devido \u00e0s fortes chuvas a \u00e1gua fica acumulada em cima do asfalto da Rua Prefeito Wyllibald Van Den Bylaardt, podendo causar acidentes. Com a constru\u00e7\u00e3o de um bueiro evitar\u00edamos que a \u00e1gua atravessasse o asfalto e desviar\u00edamos pela lateral do asfalto at\u00e9 desembocar no bueiro do outro lado.","resultado":"","texto_original":"http://sapl.luizalves.sc.leg.br/media/sapl/public/materialegislativa/2019/1211/indicacao_no_24.pdf","data_ultima_atualizacao":"2019-04-01T16:53:47.963099-03:00","ip":"","ultima_edicao":null,"tipo":2,"regime_tramitacao":1,"tipo_origem_externa":null,"local_origem_externa":null,"user":null,"anexadas":[],"autores":[2]}